{"id":1463,"date":"2022-08-25T10:22:38","date_gmt":"2022-08-25T08:22:38","guid":{"rendered":"https:\/\/staging.fondation-sommer.lu\/?p=1463"},"modified":"2023-07-04T14:58:12","modified_gmt":"2023-07-04T12:58:12","slug":"1ere-rencontre-professionnelle-de-la-fondation-sommer","status":"publish","type":"post","link":"https:\/\/fondation-sommer.lu\/en\/1ere-rencontre-professionnelle-de-la-fondation-sommer\/","title":{"rendered":"\u00ab Culture et jeunesse \u00bb : Retour sur la premi\u00e8re rencontre professionnelle de la Fondation Sommer"},"content":{"rendered":"<div class=\"wpb-content-wrapper\"><p>[vc_row][vc_column][vc_column_text]<\/p>\n<div style=\"padding: 56.25% 0 0 0; position: relative;\"><iframe style=\"position: absolute; top: 0; left: 0; width: 100%; height: 100%;\" title=\"Rencontre professionnelle &amp;quot;Culture et Jeunesse&amp;quot; au Mudam Luxembourg (28.09.2022)\" src=\"https:\/\/player.vimeo.com\/video\/759004026?h=0413445f50&amp;badge=0&amp;autopause=0&amp;player_id=0&amp;app_id=58479\" frameborder=\"0\" allowfullscreen=\"allowfullscreen\"><\/iframe><\/div>\n<p><script src=\"https:\/\/player.vimeo.com\/api\/player.js\"><\/script><\/p>\n<p style=\"font-weight: 400;\">Mercredi 28 septembre, la Fondation Sommer a convi\u00e9 les acteurs des secteurs de l\u2019\u00e9ducation et de la culture \u00e0 une premi\u00e8re rencontre professionnelle intitul\u00e9e \u00ab\u00a0Culture et jeunesse\u00a0\u00bb. Organis\u00e9 au MUDAM, l\u2019\u00e9v\u00e9nement a donn\u00e9 lieu \u00e0 des \u00e9changes et des d\u00e9bats autour d\u2019une th\u00e9matique commune aux deux publics pr\u00e9sents : \u00ab Comment l\u2019art et la culture peuvent-ils renforcer le d\u00e9veloppement personnel des enfants et des jeunes au Luxembourg\u00a0? \u00bb. Un sujet pleinement en rapport avec la mission fondamentale de la Fondation Sommer, cr\u00e9\u00e9e en 2016 par Pierre Brahms.<\/p>\n<p style=\"font-weight: 400;\"><span lang=\"FR\">Comment renforcer les partenariats entre structures culturelles, \u00e9ducatives et\/ou sociales ? Comment amener les jeunes vers des projets culturels? \u00a0Quels processus de cr\u00e9ation artistique participatifs favoriser ? Comment \u00e9valuer l\u2019impact des projets ? De nombreuses questions \u00e9taient \u00e0 l\u2019ordre du jour de cette premi\u00e8re rencontre professionnelle lanc\u00e9e par la Fondation Sommer.<\/span><\/p>\n<p style=\"font-weight: 400;\">Tout au long de la matin\u00e9e, diff\u00e9rentes interventions ont permis d\u2019ouvrir le d\u00e9bat et d\u2019identifier les besoins des secteurs culturel, \u00e9ducatif et social, dans le but d\u2019\u00e9baucher des pistes destin\u00e9es \u00e0 permettre aux jeunes de devenir acteurs de leur propre vie. \u00ab\u00a0<em>Les arts et la culture sont une voie pour atteindre ce but, c\u2019est pourquoi nous sommes \u00e0 l\u2019\u00e9coute des acteurs de ces secteurs. L\u2019id\u00e9e est donc que ces publics trouvent des espaces, des dispositifs dans lesquels ils peuvent s\u2019exprimer, se r\u00e9aliser, gagner en confiance, en autonomie et en responsabilit\u00e9 tout en faisant preuve de cr\u00e9ativit\u00e9<\/em>\u00a0\u00bb, explique Sandrine Guivarche, directrice de la Fondation.<\/p>\n<p style=\"font-weight: 400;\">Se consid\u00e9rant aussi comme un trait d\u2019union entre les diff\u00e9rentes parties prenantes des secteurs de la culture, du social et de l\u2019\u00e9ducation, toutes repr\u00e9sent\u00e9es au sein du public, la Fondation a ensuite invit\u00e9 l\u2019assembl\u00e9e \u00e0 \u00e9changer autour de cette th\u00e9matique de la culture et de la jeunesse. \u00ab\u00a0 <i>Nous sommes actuellement dans une phase d\u2019\u00e9coute, de rencontres et de consultations pour d\u00e9finir ses axes d\u2019action des prochaines ann\u00e9es et impulser ainsi une nouvelle dynamique<\/i>\u00a0\u00bb, a rappel\u00e9 Sandrine Guivarch. L\u2019occasion pour certains intervenants d\u2019estimer que l\u2019empowerment devait faire partie int\u00e9grante du cursus scolaire, \u00e0 l\u2019instar des projets pr\u00e9sent\u00e9s, et que la cause \u00e9tait d\u2019autant plus importante dans une \u00e9poque marqu\u00e9e par la pand\u00e9mie, non sans cons\u00e9quence sur les jeunes. D\u2019autres ont \u00e9galement rappel\u00e9 l\u2019importance \u00ab\u00a0<i>d\u2019unir et d\u2019\u00e9lever les voix\u00a0pour insister sur l\u2019importance de la culture en tant que droit<\/i>\u00a0\u00bb, mission dont compte bien se faire sienne la Fondation Sommer en tissant des liens et en trouvant les moyens pratiques pour avancer en ce sens.<\/p>\n<p>&nbsp;<\/p>\n<p>Photos: Bohumil Kostohryz<\/p>\n<div><\/div>\n<div><\/div>\n<p>[\/vc_column_text][\/vc_column][\/vc_row][vc_row][vc_column][vc_gallery interval=&#8221;0&#8243; images=&#8221;1707,1709,1711,1713,1715,1717,1719,1721&#8243; img_size=&#8221;large&#8221;][\/vc_column][\/vc_row]<\/p>\n<\/div>","protected":false},"excerpt":{"rendered":"<p>Plus d\u2019une centaine d\u2019acteurs des secteurs culturel, social et \u00e9ducatif se sont retrouv\u00e9s le 28 septembre dans l\u2019auditorium du Mudam \u00e0 l\u2019occasion de la premi\u00e8re rencontre professionnelle de la Fondation Sommer. La matin\u00e9e a donn\u00e9 lieu \u00e0 la pr\u00e9sentation de trois des projets soutenus par la Fondation et \u00e0 d\u2019enrichissants \u00e9changes avec le public pr\u00e9sent.<\/p>\n","protected":false},"author":1,"featured_media":1707,"comment_status":"open","ping_status":"closed","sticky":false,"template":"","format":"standard","meta":{"_acf_changed":false,"footnotes":""},"categories":[3],"tags":[],"class_list":["post-1463","post","type-post","status-publish","format-standard","has-post-thumbnail","hentry","category-uncategorized"],"acf":[],"_links":{"self":[{"href":"https:\/\/fondation-sommer.lu\/en\/wp-json\/wp\/v2\/posts\/1463","targetHints":{"allow":["GET"]}}],"collection":[{"href":"https:\/\/fondation-sommer.lu\/en\/wp-json\/wp\/v2\/posts"}],"about":[{"href":"https:\/\/fondation-sommer.lu\/en\/wp-json\/wp\/v2\/types\/post"}],"author":[{"embeddable":true,"href":"https:\/\/fondation-sommer.lu\/en\/wp-json\/wp\/v2\/users\/1"}],"replies":[{"embeddable":true,"href":"https:\/\/fondation-sommer.lu\/en\/wp-json\/wp\/v2\/comments?post=1463"}],"version-history":[{"count":49,"href":"https:\/\/fondation-sommer.lu\/en\/wp-json\/wp\/v2\/posts\/1463\/revisions"}],"predecessor-version":[{"id":1752,"href":"https:\/\/fondation-sommer.lu\/en\/wp-json\/wp\/v2\/posts\/1463\/revisions\/1752"}],"wp:featuredmedia":[{"embeddable":true,"href":"https:\/\/fondation-sommer.lu\/en\/wp-json\/wp\/v2\/media\/1707"}],"wp:attachment":[{"href":"https:\/\/fondation-sommer.lu\/en\/wp-json\/wp\/v2\/media?parent=1463"}],"wp:term":[{"taxonomy":"category","embeddable":true,"href":"https:\/\/fondation-sommer.lu\/en\/wp-json\/wp\/v2\/categories?post=1463"},{"taxonomy":"post_tag","embeddable":true,"href":"https:\/\/fondation-sommer.lu\/en\/wp-json\/wp\/v2\/tags?post=1463"}],"curies":[{"name":"wp","href":"https:\/\/api.w.org\/{rel}","templated":true}]}}