{"id":5951,"date":"2025-11-17T12:12:59","date_gmt":"2025-11-17T10:12:59","guid":{"rendered":"https:\/\/fondation-sommer.lu\/projects-selected-following-the-call-for-projects-in-september-2025\/"},"modified":"2026-03-17T18:47:20","modified_gmt":"2026-03-17T16:47:20","slug":"projects-selected-following-the-call-for-projects-in-september-2025","status":"publish","type":"post","link":"https:\/\/fondation-sommer.lu\/en\/projects-selected-following-the-call-for-projects-in-september-2025\/","title":{"rendered":"Projects selected following the call for projects in September 2025"},"content":{"rendered":"<div class=\"wpb-content-wrapper\"><p>[vc_row][vc_column][vc_column_text]Following the third call for projects of 2025, the Board of Directors of the Sommer Foundation selected 11 new projects:<\/p>\n<ul>\n<li style=\"font-weight: 400;\"><strong>AlterCadance asbl in partnership with Ecole Internationale de Differdange (EIDE)<\/strong> \u2013 ZEMPIA, Pile ou Face<\/li>\n<li style=\"font-weight: 400;\"><strong>Harmonie Habscht asbl<\/strong> \u2013 De Pierchen an de Wollef<\/li>\n<li style=\"font-weight: 400;\"><strong>La Cie Marie Z in partnership with Ecole Internationale de Differdange (EIDE)<\/strong> \u2013 Les femmes de l\u2019exil<\/li>\n<li style=\"font-weight: 400;\"><strong>Fondation Solina<\/strong> \u2013 LES Art.Lab Explore.Express.Connect<\/li>\n<li style=\"font-weight: 400;\"><strong>Mierscher Theater <\/strong>\u2013 LOCKER ROOM TALK<\/li>\n<li style=\"font-weight: 400;\"><strong>MUDAM Luxembourg<\/strong> \u2013 KIDS TAKE OVER : le Mus\u00e9e du Futur<\/li>\n<li style=\"font-weight: 400;\"><strong>ARK asbl<\/strong> \u2013 Plonger dans le monde de la cr\u00e9ativit\u00e9<\/li>\n<li style=\"font-weight: 400;\"><strong>Le Ballet populaire asbl<\/strong> \u2013 AKROAMA &#8211; Programme de m\u00e9diation scolaire 2025\/2026<\/li>\n<li style=\"font-weight: 400;\"><strong>CNCI &#8211; Centre national de la culture industrielle<\/strong> \u2013 B\u00e4erbelendag mat de Kanner. Projet scolaire et interg\u00e9n\u00e9rationnel<\/li>\n<li style=\"font-weight: 400;\"><strong>Sissy Mondloch<\/strong> \u2013 Where do you dance from ?<\/li>\n<li style=\"font-weight: 400;\"><strong>Zentrum fir politesch Bildung in partnership with neim\u00ebnster<\/strong> \u2013 IM \/ EX pression LAB<\/li>\n<\/ul>\n<p>As part of an innovative project led by young people for young people, we also selected the <strong>F.O.M.O. (Friends who Organize Magic Occasions)<\/strong> initiative in partnership with Stayfou asbl \u2013 Artelier.<\/p>\n<p>Finally, the Foundation is continuing its collaboration with the <strong>Lyc\u00e9e Classique de Diekirch<\/strong>, within the framework of its &#8220;LC Danser&#8221; project, which is entering its third year.<br \/>\n[\/vc_column_text][\/vc_column][\/vc_row][vc_row][vc_column][vc_single_image image=&#8221;5947&#8243; img_size=&#8221;large&#8221; onclick=&#8221;custom_link&#8221; img_link_target=&#8221;_blank&#8221; link=&#8221;https:\/\/vimeo.com\/1137609216?share=copy&amp;fl=sv&amp;fe=ci&#8221;][\/vc_column][\/vc_row][vc_row][vc_column][vc_single_image image=&#8221;5949&#8243; img_size=&#8221;large&#8221; onclick=&#8221;custom_link&#8221; img_link_target=&#8221;_blank&#8221; link=&#8221;https:\/\/vimeo.com\/1137606352?share=copy&amp;fl=sv&amp;fe=ci&#8221;][\/vc_column][\/vc_row]<\/p>\n<\/div>","protected":false},"excerpt":{"rendered":"<p>Following the latest call for projects, the Board of Directors of the Sommer Foundation has selected 13 new initiatives to support.<\/p>\n","protected":false},"author":2,"featured_media":6179,"comment_status":"closed","ping_status":"closed","sticky":false,"template":"","format":"standard","meta":{"_acf_changed":false,"footnotes":""},"categories":[3],"tags":[],"class_list":["post-5951","post","type-post","status-publish","format-standard","has-post-thumbnail","hentry","category-uncategorized"],"acf":[],"_links":{"self":[{"href":"https:\/\/fondation-sommer.lu\/en\/wp-json\/wp\/v2\/posts\/5951","targetHints":{"allow":["GET"]}}],"collection":[{"href":"https:\/\/fondation-sommer.lu\/en\/wp-json\/wp\/v2\/posts"}],"about":[{"href":"https:\/\/fondation-sommer.lu\/en\/wp-json\/wp\/v2\/types\/post"}],"author":[{"embeddable":true,"href":"https:\/\/fondation-sommer.lu\/en\/wp-json\/wp\/v2\/users\/2"}],"replies":[{"embeddable":true,"href":"https:\/\/fondation-sommer.lu\/en\/wp-json\/wp\/v2\/comments?post=5951"}],"version-history":[{"count":15,"href":"https:\/\/fondation-sommer.lu\/en\/wp-json\/wp\/v2\/posts\/5951\/revisions"}],"predecessor-version":[{"id":6185,"href":"https:\/\/fondation-sommer.lu\/en\/wp-json\/wp\/v2\/posts\/5951\/revisions\/6185"}],"wp:featuredmedia":[{"embeddable":true,"href":"https:\/\/fondation-sommer.lu\/en\/wp-json\/wp\/v2\/media\/6179"}],"wp:attachment":[{"href":"https:\/\/fondation-sommer.lu\/en\/wp-json\/wp\/v2\/media?parent=5951"}],"wp:term":[{"taxonomy":"category","embeddable":true,"href":"https:\/\/fondation-sommer.lu\/en\/wp-json\/wp\/v2\/categories?post=5951"},{"taxonomy":"post_tag","embeddable":true,"href":"https:\/\/fondation-sommer.lu\/en\/wp-json\/wp\/v2\/tags?post=5951"}],"curies":[{"name":"wp","href":"https:\/\/api.w.org\/{rel}","templated":true}]}}